{"id":45,"__str__":"REQUERIMENTO n\u00ba 5 de 2026","link_detail_backend":"/materia/45","metadata":{},"numero":5,"ano":2026,"numero_protocolo":null,"data_apresentacao":"2026-03-23","tipo_apresentacao":"E","data_publicacao":null,"numero_origem_externa":"","ano_origem_externa":null,"data_origem_externa":null,"apelido":"","dias_prazo":null,"data_fim_prazo":null,"em_tramitacao":false,"polemica":false,"objeto":"","complementar":false,"ementa":"Solicita sess\u00e3o extraordin\u00e1ria para debate e avalia\u00e7\u00e3o de assuntos de relevante interesse p\u00fablico relacionados \u00e0 Administra\u00e7\u00e3o Municipal, especialmente diante de fatos recentemente divulgados, visando \u00e0 ado\u00e7\u00e3o de eventuais provid\u00eancias institucionais cab\u00edveis.","indexacao":"","observacao":"","resultado":"","texto_original":null,"data_ultima_atualizacao":"2026-04-20T16:16:34.118314-03:00","ip":"45.168.72.199","ultima_edicao":"2026-04-20T16:15:53.707885-03:00","tipo":11,"regime_tramitacao":1,"tipo_origem_externa":null,"local_origem_externa":null,"user":14,"anexadas":[],"autores":[25]}