{"id":37,"__str__":"PROJETO DE LEI ORDIN\u00c1RIA n\u00ba 1 de 2026","link_detail_backend":"/materia/37","metadata":{},"numero":1,"ano":2026,"numero_protocolo":null,"data_apresentacao":"2026-03-03","tipo_apresentacao":"E","data_publicacao":null,"numero_origem_externa":"","ano_origem_externa":null,"data_origem_externa":null,"apelido":"","dias_prazo":null,"data_fim_prazo":null,"em_tramitacao":false,"polemica":false,"objeto":"","complementar":false,"ementa":"Fica denominada Pra\u00e7a Maria Augusta de Alencar a pra\u00e7a localizada ap\u00f3s a Avenida Tom\u00e9 Alves Pereira, no acesso \u00e0 BR-020/PI-142, no Munic\u00edpio de Sebasti\u00e3o Arrais, e d\u00e1 outras provid\u00eancias.","indexacao":"","observacao":"","resultado":"","texto_original":null,"data_ultima_atualizacao":"2026-03-20T19:00:54.745530-03:00","ip":"191.6.167.5","ultima_edicao":"2026-03-20T18:59:59.698732-03:00","tipo":6,"regime_tramitacao":1,"tipo_origem_externa":null,"local_origem_externa":null,"user":14,"anexadas":[],"autores":[33]}